{"id":600,"date":"2015-09-02T13:48:39","date_gmt":"2015-09-02T13:48:39","guid":{"rendered":"http:\/\/www.cascinarosa33.it\/?p=600"},"modified":"2015-09-02T14:09:49","modified_gmt":"2015-09-02T14:09:49","slug":"mercati-e-mercatini-antiquariato-in-monferrato","status":"publish","type":"post","link":"https:\/\/www.cascinarosa33.it\/de\/eventi\/mercati-e-mercatini-antiquariato-in-monferrato\/","title":{"rendered":"Mercati e mercatini dell&#8217;antiquariato in Monferrato"},"content":{"rendered":"<p class=\"qtranxs-available-languages-message qtranxs-available-languages-message-de\">Leider ist der Eintrag nur auf <a href=\"https:\/\/www.cascinarosa33.it\/it\/wp-json\/wp\/v2\/posts\/600\" class=\"qtranxs-available-language-link qtranxs-available-language-link-it\" title=\"Italiano\">Italiano<\/a> und <a href=\"https:\/\/www.cascinarosa33.it\/en\/wp-json\/wp\/v2\/posts\/600\" class=\"qtranxs-available-language-link qtranxs-available-language-link-en\" title=\"English\">English<\/a> verf\u00fcgbar. Der Inhalt wird in der Standard-Sprache dieser Website angezeigt. Sie k\u00f6nnen einen Link anklicken, um zu einer anderen verf\u00fcgbaren Sprache zu wechseln.<\/p><p><div id=\"attachment_603\" style=\"width: 560px\" class=\"wp-caption aligncenter\"><img loading=\"lazy\" decoding=\"async\" aria-describedby=\"caption-attachment-603\" class=\"size-wcstandard wp-image-603\" src=\"http:\/\/www.cascinarosa33.it\/wp-content\/uploads\/2015\/09\/80979562-550x367.jpg\" alt=\"Mercati in Monferrato\" width=\"550\" height=\"367\" srcset=\"https:\/\/www.cascinarosa33.it\/wp-content\/uploads\/2015\/09\/80979562-550x367.jpg 550w, https:\/\/www.cascinarosa33.it\/wp-content\/uploads\/2015\/09\/80979562-300x200.jpg 300w, https:\/\/www.cascinarosa33.it\/wp-content\/uploads\/2015\/09\/80979562-250x167.jpg 250w, https:\/\/www.cascinarosa33.it\/wp-content\/uploads\/2015\/09\/80979562-270x180.jpg 270w, https:\/\/www.cascinarosa33.it\/wp-content\/uploads\/2015\/09\/80979562-449x300.jpg 449w, https:\/\/www.cascinarosa33.it\/wp-content\/uploads\/2015\/09\/80979562.jpg 680w\" sizes=\"auto, (max-width: 550px) 100vw, 550px\" \/><p id=\"caption-attachment-603\" class=\"wp-caption-text\">Mercati in Monferrato<\/p><\/div><\/p>\n<h2 style=\"text-align: center;\">MERCATI<\/h2>\n<div class=\"views-field views-field-title\" style=\"text-align: center;\"><strong><span class=\"field-content\">MONCALVO<\/span><\/strong><\/div>\n<div class=\"views-field views-field-body\" style=\"text-align: center;\">\n<div class=\"field-content\">\n<p>Gioved\u00ec mattina<\/p>\n<div class=\"views-field views-field-title\"><strong><span class=\"field-content\">ASTI<\/span><\/strong><\/div>\n<div class=\"views-field views-field-body\">\n<div class=\"field-content\">\n<p>Mercoled\u00ec e sabato tutto il giorno in Piazza Alfieri e Piazza Campo del Palio (generi alimentari solo mattino)<\/p>\n<p>Tutti i giorni, solo mattino in Piazza Catena (generi alimentari)<\/p>\n<p>Mercato coperto di Piazza Libert\u00e0: Aperto da luned\u00ec a sabato \u2013 chiuso domenica e gioved\u00ec pomeriggio<\/p>\n<p><strong>CASALE MONFERRATO<\/strong><\/p>\n<p>Mercato Marted\u00ec e Venerd\u00ec dalle 08.00 alle 13.00 in Piazza Castello<\/p>\n<p>Mercato il Paniere (prodotti biologici): terzo sabato di ogni mese (escluso agosto)<\/p>\n<\/div>\n<\/div>\n<\/div>\n<\/div>\n<div class=\"views-row views-row-1 views-row-odd views-row-first\" style=\"text-align: center;\"><\/div>\n<div class=\"views-row views-row-2 views-row-even\" style=\"text-align: center;\">\n<div class=\"views-field views-field-title\"><strong><span class=\"field-content\">SAN DAMIANO D\u2019ASTI<\/span><\/strong><\/div>\n<div class=\"views-field views-field-body\">\n<div class=\"field-content\">\n<p>Luned\u00ec mattina<\/p>\n<\/div>\n<\/div>\n<\/div>\n<div class=\"views-row views-row-3 views-row-odd\" style=\"text-align: center;\">\n<div class=\"views-field views-field-title\"><strong><span class=\"field-content\">NIZZA MONFERRATO<\/span><\/strong><\/div>\n<div class=\"views-field views-field-body\">\n<div class=\"field-content\">\n<p>Venerd\u00ec mattina<\/p>\n<\/div>\n<\/div>\n<\/div>\n<div class=\"views-row views-row-4 views-row-even\" style=\"text-align: center;\">\n<div class=\"views-field views-field-title\"><strong><span class=\"field-content\">MONTEGROSSO<\/span><\/strong><\/div>\n<div class=\"views-field views-field-body\">\n<div class=\"field-content\">\n<p>Marted\u00ec mattina<\/p>\n<\/div>\n<\/div>\n<\/div>\n<div class=\"views-row views-row-5 views-row-odd\" style=\"text-align: center;\"><\/div>\n<div class=\"views-row views-row-6 views-row-even\" style=\"text-align: center;\">\n<div class=\"views-field views-field-title\"><strong><span class=\"field-content\">MONASTERO BORMIDA<\/span><\/strong><\/div>\n<div class=\"views-field views-field-body\">\n<div class=\"field-content\">\n<p>Gioved\u00ec mattina<\/p>\n<\/div>\n<\/div>\n<\/div>\n<div class=\"views-row views-row-7 views-row-odd\" style=\"text-align: center;\">\n<div class=\"views-field views-field-title\"><strong><span class=\"field-content\">COSTIGLIOLE<\/span><\/strong><\/div>\n<div class=\"views-field views-field-body\">\n<div class=\"field-content\">\n<p>Domenica mattina<\/p>\n<\/div>\n<\/div>\n<\/div>\n<div class=\"views-row views-row-8 views-row-even\" style=\"text-align: center;\">\n<div class=\"views-field views-field-title\"><strong><span class=\"field-content\">CASTELNUOVO DON BOSCO<\/span><\/strong><\/div>\n<div class=\"views-field views-field-body\">\n<div class=\"field-content\">\n<p>Gioved\u00ec mattina<\/p>\n<\/div>\n<\/div>\n<\/div>\n<div class=\"views-row views-row-9 views-row-odd\" style=\"text-align: center;\">\n<div class=\"views-field views-field-title\"><strong><span class=\"field-content\">CANELLI<\/span><\/strong><\/div>\n<div class=\"views-field views-field-body\">\n<div class=\"field-content\">\n<p>Marted\u00ec e venerd\u00ec\u00a0 mattina<\/p>\n<div id=\"attachment_602\" style=\"width: 560px\" class=\"wp-caption aligncenter\"><img loading=\"lazy\" decoding=\"async\" aria-describedby=\"caption-attachment-602\" class=\"size-wcstandard wp-image-602\" src=\"http:\/\/www.cascinarosa33.it\/wp-content\/uploads\/2015\/09\/download-550x254.jpg\" alt=\"Mercatini dell'antiquariato in Monferrato\" width=\"550\" height=\"254\" srcset=\"https:\/\/www.cascinarosa33.it\/wp-content\/uploads\/2015\/09\/download-550x254.jpg 550w, https:\/\/www.cascinarosa33.it\/wp-content\/uploads\/2015\/09\/download-300x139.jpg 300w, https:\/\/www.cascinarosa33.it\/wp-content\/uploads\/2015\/09\/download-250x115.jpg 250w, https:\/\/www.cascinarosa33.it\/wp-content\/uploads\/2015\/09\/download-800x369.jpg 800w, https:\/\/www.cascinarosa33.it\/wp-content\/uploads\/2015\/09\/download-390x180.jpg 390w, https:\/\/www.cascinarosa33.it\/wp-content\/uploads\/2015\/09\/download-650x300.jpg 650w, https:\/\/www.cascinarosa33.it\/wp-content\/uploads\/2015\/09\/download.jpg 940w\" sizes=\"auto, (max-width: 550px) 100vw, 550px\" \/><p id=\"caption-attachment-602\" class=\"wp-caption-text\">Mercatini dell&#8217;antiquariato in Monferrato<\/p><\/div>\n<h2>ANTIQUARIATO<\/h2>\n<\/div>\n<\/div>\n<\/div>\n<div class=\"views-row views-row-10 views-row-even views-row-last\" style=\"text-align: center;\"><\/div>\n<p style=\"text-align: center;\"><em>Mercatino dell \u0301antiquariato <\/em><br \/>\n<strong>Moncalvo\u00a0<\/strong>(prima domenica del mese)<\/p>\n<p style=\"text-align: center;\"><em>Mercatino dell \u0301antiquariato<\/em><br \/>\n<strong>Casale Monferrato<\/strong> presso il mercato Pavia, piazza Castello.<br \/>\n(secondo sabato e domenica del mese escluso agosto)<\/p>\n<p style=\"text-align: center;\"><em>Mercatino degli oggetti antichi e usati<\/em><br \/>\n<strong>Asti<\/strong> (quarta domenica del mese)<\/p>\n<p style=\"text-align: center;\"><a href=\"http:\/\/eventi.comune.cherasco.cn.it\/index.php\/mercatini\" target=\"_blank\"><strong>Cherasco<\/strong> (link)<\/a><\/p>\n<p style=\"text-align: center;\"><em>Mercatino dell \u0301antiquariato<\/em><br \/>\n<strong>Nizza Monferrato<\/strong> (terza domenica del mese)<\/p>\n<p style=\"text-align: center;\"><em>Mercatino degli sgai\u00e9nt\u00f2<\/em><br \/>\n<strong>Acqui Terme<\/strong> (quarta domenica del mese)<\/p>\n<p style=\"text-align: center;\"><em>L \u0301officina delle memorie<\/em><br \/>\n<strong>Alessandria<\/strong> (prima domenica del mese)<\/p>\n<p style=\"text-align: center;\"><em>Mercato dell \u0301antiquariato<\/em><br \/>\n<strong>Basaluzzo<\/strong> (prima domenica del mese)<\/p>\n<p style=\"text-align: center;\"><em>Mercatino novantico<\/em><br \/>\n<strong>Novi Ligure<\/strong> (quarto sabato del mese)<\/p>\n<p style=\"text-align: center;\"><em>Cantan\u00e0 e cantaj<\/em><br \/>\n<strong>Tortona<\/strong> (ultima domenica di aprile, settembre e novembre)<\/p>\n<p style=\"text-align: center;\"><em>Mercatino del piccolo antiquariato<\/em><br \/>\n<strong>Borgo d \u0301Ale<\/strong> (terza domenica del mese)<\/p>\n<p style=\"text-align: center;\"><em>Mercatino Valsesiano dell \u0301antiquariato<\/em><br \/>\n<strong>Serravalle Sesia<\/strong> (terzo sabato del mese escluso agosto)<\/p>\n<p style=\"text-align: center;\"><em>Mercatino dell \u0301antiquariato<\/em><br \/>\n<strong>Varallo Sesia<\/strong> (ultimo sabato del mese)<\/p>\n<p style=\"text-align: center;\"><em>Mercatino di piccolo antiquariato \u201cL\u2019Barlafus\u201d<\/em><br \/>\n<strong>Vercelli<\/strong> (prima domenica del mese)<\/p>\n<p><\/p> ","protected":false},"excerpt":{"rendered":"<p>Leider ist der Eintrag nur auf Italiano und English verf\u00fcgbar. Der Inhalt wird in der Standard-Sprache dieser Website angezeigt. Sie k\u00f6nnen einen Link anklicken, um zu einer anderen verf\u00fcgbaren Sprache zu wechseln. MERCATI MONCALVO Gioved\u00ec mattina ASTI Mercoled\u00ec e sabato tutto il giorno in Piazza Alfieri e Piazza Campo del Palio (generi alimentari solo mattino) [&hellip;]<\/p>\n","protected":false},"author":1,"featured_media":0,"comment_status":"open","ping_status":"open","sticky":false,"template":"","format":"standard","meta":{"_genesis_hide_title":false,"_genesis_hide_breadcrumbs":false,"_genesis_hide_singular_image":false,"_genesis_hide_footer_widgets":false,"_genesis_custom_body_class":"","_genesis_custom_post_class":"","_genesis_layout":"","footnotes":""},"categories":[23],"tags":[72,75,73,74],"class_list":{"0":"post-600","1":"post","2":"type-post","3":"status-publish","4":"format-standard","6":"category-eventi","7":"tag-antiquariato","8":"tag-markets","9":"tag-mercati","10":"tag-mercatini-dellantiquariato","11":"entry","12":"has-post-thumbnail","13":"gs-1","14":"gs-odd","15":"gs-even","16":"gs-featured-content-entry"},"yoast_head":"<!-- This site is optimized with the Yoast SEO plugin v24.6 - https:\/\/yoast.com\/wordpress\/plugins\/seo\/ -->\n<title>Mercati e mercatini antiquariato Monferrato \u2022 Cascina rosa b&amp;b<\/title>\n<meta name=\"description\" content=\"Una lista di mercati e di mercatini presenti settimanalmente nei paesi e nelle cittadine vicino Cascina rosa b&amp;b\" \/>\n<meta name=\"robots\" content=\"index, follow, max-snippet:-1, max-image-preview:large, max-video-preview:-1\" \/>\n<link rel=\"canonical\" href=\"https:\/\/www.cascinarosa33.it\/en\/eventi\/mercati-e-mercatini-antiquariato-in-monferrato\/\" \/>\n<meta property=\"og:locale\" content=\"de_DE\" \/>\n<meta property=\"og:type\" content=\"article\" \/>\n<meta property=\"og:title\" content=\"Mercati e mercatini antiquariato Monferrato \u2022 Cascina rosa b&amp;b\" \/>\n<meta property=\"og:description\" content=\"Una lista di mercati e di mercatini presenti settimanalmente nei paesi e nelle cittadine vicino Cascina rosa b&amp;b\" \/>\n<meta property=\"og:url\" content=\"https:\/\/www.cascinarosa33.it\/en\/eventi\/mercati-e-mercatini-antiquariato-in-monferrato\/\" \/>\n<meta property=\"og:site_name\" content=\"Cascina rosa b&amp;b\" \/>\n<meta property=\"article:published_time\" content=\"2015-09-02T13:48:39+00:00\" \/>\n<meta property=\"article:modified_time\" content=\"2015-09-02T14:09:49+00:00\" \/>\n<meta property=\"og:image\" content=\"http:\/\/www.cascinarosa33.it\/wp-content\/uploads\/2015\/09\/80979562-550x367.jpg\" \/>\n<meta name=\"author\" content=\"admin\" \/>\n<meta name=\"twitter:card\" content=\"summary_large_image\" \/>\n<meta name=\"twitter:label1\" content=\"Verfasst von\" \/>\n\t<meta name=\"twitter:data1\" content=\"admin\" \/>\n\t<meta name=\"twitter:label2\" content=\"Gesch\u00e4tzte Lesezeit\" \/>\n\t<meta name=\"twitter:data2\" content=\"3\u00a0Minuten\" \/>\n<script type=\"application\/ld+json\" class=\"yoast-schema-graph\">{\"@context\":\"https:\/\/schema.org\",\"@graph\":[{\"@type\":\"WebPage\",\"@id\":\"https:\/\/www.cascinarosa33.it\/en\/eventi\/mercati-e-mercatini-antiquariato-in-monferrato\/\",\"url\":\"https:\/\/www.cascinarosa33.it\/en\/eventi\/mercati-e-mercatini-antiquariato-in-monferrato\/\",\"name\":\"Mercati e mercatini antiquariato Monferrato \u2022 Cascina rosa b&b\",\"isPartOf\":{\"@id\":\"https:\/\/www.cascinarosa33.it\/#website\"},\"primaryImageOfPage\":{\"@id\":\"https:\/\/www.cascinarosa33.it\/en\/eventi\/mercati-e-mercatini-antiquariato-in-monferrato\/#primaryimage\"},\"image\":{\"@id\":\"https:\/\/www.cascinarosa33.it\/en\/eventi\/mercati-e-mercatini-antiquariato-in-monferrato\/#primaryimage\"},\"thumbnailUrl\":\"http:\/\/www.cascinarosa33.it\/wp-content\/uploads\/2015\/09\/80979562-550x367.jpg\",\"datePublished\":\"2015-09-02T13:48:39+00:00\",\"dateModified\":\"2015-09-02T14:09:49+00:00\",\"author\":{\"@id\":\"https:\/\/www.cascinarosa33.it\/#\/schema\/person\/5162e113d48542a9913e23f4303cfa26\"},\"description\":\"Una lista di mercati e di mercatini presenti settimanalmente nei paesi e nelle cittadine vicino Cascina rosa b&b\",\"breadcrumb\":{\"@id\":\"https:\/\/www.cascinarosa33.it\/en\/eventi\/mercati-e-mercatini-antiquariato-in-monferrato\/#breadcrumb\"},\"inLanguage\":\"de\",\"potentialAction\":[{\"@type\":\"ReadAction\",\"target\":[\"https:\/\/www.cascinarosa33.it\/en\/eventi\/mercati-e-mercatini-antiquariato-in-monferrato\/\"]}]},{\"@type\":\"ImageObject\",\"inLanguage\":\"de\",\"@id\":\"https:\/\/www.cascinarosa33.it\/en\/eventi\/mercati-e-mercatini-antiquariato-in-monferrato\/#primaryimage\",\"url\":\"http:\/\/www.cascinarosa33.it\/wp-content\/uploads\/2015\/09\/80979562-550x367.jpg\",\"contentUrl\":\"http:\/\/www.cascinarosa33.it\/wp-content\/uploads\/2015\/09\/80979562-550x367.jpg\"},{\"@type\":\"BreadcrumbList\",\"@id\":\"https:\/\/www.cascinarosa33.it\/en\/eventi\/mercati-e-mercatini-antiquariato-in-monferrato\/#breadcrumb\",\"itemListElement\":[{\"@type\":\"ListItem\",\"position\":1,\"name\":\"Home\",\"item\":\"https:\/\/www.cascinarosa33.it\/\"},{\"@type\":\"ListItem\",\"position\":2,\"name\":\"Mercati e mercatini dell&#8217;antiquariato in Monferrato\"}]},{\"@type\":\"WebSite\",\"@id\":\"https:\/\/www.cascinarosa33.it\/#website\",\"url\":\"https:\/\/www.cascinarosa33.it\/\",\"name\":\"Cascina rosa b&amp;b\",\"description\":\"\",\"potentialAction\":[{\"@type\":\"SearchAction\",\"target\":{\"@type\":\"EntryPoint\",\"urlTemplate\":\"https:\/\/www.cascinarosa33.it\/?s={search_term_string}\"},\"query-input\":{\"@type\":\"PropertyValueSpecification\",\"valueRequired\":true,\"valueName\":\"search_term_string\"}}],\"inLanguage\":\"de\"},{\"@type\":\"Person\",\"@id\":\"https:\/\/www.cascinarosa33.it\/#\/schema\/person\/5162e113d48542a9913e23f4303cfa26\",\"name\":\"admin\",\"image\":{\"@type\":\"ImageObject\",\"inLanguage\":\"de\",\"@id\":\"https:\/\/www.cascinarosa33.it\/#\/schema\/person\/image\/\",\"url\":\"https:\/\/secure.gravatar.com\/avatar\/cef482c619b088e6fe2c84c688ab4b52?s=96&d=mm&r=g\",\"contentUrl\":\"https:\/\/secure.gravatar.com\/avatar\/cef482c619b088e6fe2c84c688ab4b52?s=96&d=mm&r=g\",\"caption\":\"admin\"},\"url\":\"https:\/\/www.cascinarosa33.it\/de\/author\/admin\/\"}]}<\/script>\n<!-- \/ Yoast SEO plugin. -->","yoast_head_json":{"title":"Mercati e mercatini antiquariato Monferrato \u2022 Cascina rosa b&b","description":"Una lista di mercati e di mercatini presenti settimanalmente nei paesi e nelle cittadine vicino Cascina rosa b&b","robots":{"index":"index","follow":"follow","max-snippet":"max-snippet:-1","max-image-preview":"max-image-preview:large","max-video-preview":"max-video-preview:-1"},"canonical":"https:\/\/www.cascinarosa33.it\/en\/eventi\/mercati-e-mercatini-antiquariato-in-monferrato\/","og_locale":"de_DE","og_type":"article","og_title":"Mercati e mercatini antiquariato Monferrato \u2022 Cascina rosa b&b","og_description":"Una lista di mercati e di mercatini presenti settimanalmente nei paesi e nelle cittadine vicino Cascina rosa b&b","og_url":"https:\/\/www.cascinarosa33.it\/en\/eventi\/mercati-e-mercatini-antiquariato-in-monferrato\/","og_site_name":"Cascina rosa b&amp;b","article_published_time":"2015-09-02T13:48:39+00:00","article_modified_time":"2015-09-02T14:09:49+00:00","og_image":[{"url":"http:\/\/www.cascinarosa33.it\/wp-content\/uploads\/2015\/09\/80979562-550x367.jpg","type":"","width":"","height":""}],"author":"admin","twitter_card":"summary_large_image","twitter_misc":{"Verfasst von":"admin","Gesch\u00e4tzte Lesezeit":"3\u00a0Minuten"},"schema":{"@context":"https:\/\/schema.org","@graph":[{"@type":"WebPage","@id":"https:\/\/www.cascinarosa33.it\/en\/eventi\/mercati-e-mercatini-antiquariato-in-monferrato\/","url":"https:\/\/www.cascinarosa33.it\/en\/eventi\/mercati-e-mercatini-antiquariato-in-monferrato\/","name":"Mercati e mercatini antiquariato Monferrato \u2022 Cascina rosa b&b","isPartOf":{"@id":"https:\/\/www.cascinarosa33.it\/#website"},"primaryImageOfPage":{"@id":"https:\/\/www.cascinarosa33.it\/en\/eventi\/mercati-e-mercatini-antiquariato-in-monferrato\/#primaryimage"},"image":{"@id":"https:\/\/www.cascinarosa33.it\/en\/eventi\/mercati-e-mercatini-antiquariato-in-monferrato\/#primaryimage"},"thumbnailUrl":"http:\/\/www.cascinarosa33.it\/wp-content\/uploads\/2015\/09\/80979562-550x367.jpg","datePublished":"2015-09-02T13:48:39+00:00","dateModified":"2015-09-02T14:09:49+00:00","author":{"@id":"https:\/\/www.cascinarosa33.it\/#\/schema\/person\/5162e113d48542a9913e23f4303cfa26"},"description":"Una lista di mercati e di mercatini presenti settimanalmente nei paesi e nelle cittadine vicino Cascina rosa b&b","breadcrumb":{"@id":"https:\/\/www.cascinarosa33.it\/en\/eventi\/mercati-e-mercatini-antiquariato-in-monferrato\/#breadcrumb"},"inLanguage":"de","potentialAction":[{"@type":"ReadAction","target":["https:\/\/www.cascinarosa33.it\/en\/eventi\/mercati-e-mercatini-antiquariato-in-monferrato\/"]}]},{"@type":"ImageObject","inLanguage":"de","@id":"https:\/\/www.cascinarosa33.it\/en\/eventi\/mercati-e-mercatini-antiquariato-in-monferrato\/#primaryimage","url":"http:\/\/www.cascinarosa33.it\/wp-content\/uploads\/2015\/09\/80979562-550x367.jpg","contentUrl":"http:\/\/www.cascinarosa33.it\/wp-content\/uploads\/2015\/09\/80979562-550x367.jpg"},{"@type":"BreadcrumbList","@id":"https:\/\/www.cascinarosa33.it\/en\/eventi\/mercati-e-mercatini-antiquariato-in-monferrato\/#breadcrumb","itemListElement":[{"@type":"ListItem","position":1,"name":"Home","item":"https:\/\/www.cascinarosa33.it\/"},{"@type":"ListItem","position":2,"name":"Mercati e mercatini dell&#8217;antiquariato in Monferrato"}]},{"@type":"WebSite","@id":"https:\/\/www.cascinarosa33.it\/#website","url":"https:\/\/www.cascinarosa33.it\/","name":"Cascina rosa b&amp;b","description":"","potentialAction":[{"@type":"SearchAction","target":{"@type":"EntryPoint","urlTemplate":"https:\/\/www.cascinarosa33.it\/?s={search_term_string}"},"query-input":{"@type":"PropertyValueSpecification","valueRequired":true,"valueName":"search_term_string"}}],"inLanguage":"de"},{"@type":"Person","@id":"https:\/\/www.cascinarosa33.it\/#\/schema\/person\/5162e113d48542a9913e23f4303cfa26","name":"admin","image":{"@type":"ImageObject","inLanguage":"de","@id":"https:\/\/www.cascinarosa33.it\/#\/schema\/person\/image\/","url":"https:\/\/secure.gravatar.com\/avatar\/cef482c619b088e6fe2c84c688ab4b52?s=96&d=mm&r=g","contentUrl":"https:\/\/secure.gravatar.com\/avatar\/cef482c619b088e6fe2c84c688ab4b52?s=96&d=mm&r=g","caption":"admin"},"url":"https:\/\/www.cascinarosa33.it\/de\/author\/admin\/"}]}},"_links":{"self":[{"href":"https:\/\/www.cascinarosa33.it\/de\/wp-json\/wp\/v2\/posts\/600","targetHints":{"allow":["GET"]}}],"collection":[{"href":"https:\/\/www.cascinarosa33.it\/de\/wp-json\/wp\/v2\/posts"}],"about":[{"href":"https:\/\/www.cascinarosa33.it\/de\/wp-json\/wp\/v2\/types\/post"}],"author":[{"embeddable":true,"href":"https:\/\/www.cascinarosa33.it\/de\/wp-json\/wp\/v2\/users\/1"}],"replies":[{"embeddable":true,"href":"https:\/\/www.cascinarosa33.it\/de\/wp-json\/wp\/v2\/comments?post=600"}],"version-history":[{"count":4,"href":"https:\/\/www.cascinarosa33.it\/de\/wp-json\/wp\/v2\/posts\/600\/revisions"}],"predecessor-version":[{"id":606,"href":"https:\/\/www.cascinarosa33.it\/de\/wp-json\/wp\/v2\/posts\/600\/revisions\/606"}],"wp:attachment":[{"href":"https:\/\/www.cascinarosa33.it\/de\/wp-json\/wp\/v2\/media?parent=600"}],"wp:term":[{"taxonomy":"category","embeddable":true,"href":"https:\/\/www.cascinarosa33.it\/de\/wp-json\/wp\/v2\/categories?post=600"},{"taxonomy":"post_tag","embeddable":true,"href":"https:\/\/www.cascinarosa33.it\/de\/wp-json\/wp\/v2\/tags?post=600"}],"curies":[{"name":"wp","href":"https:\/\/api.w.org\/{rel}","templated":true}]}}