{"id":567,"date":"2015-08-31T17:52:23","date_gmt":"2015-08-31T17:52:23","guid":{"rendered":"http:\/\/www.cascinarosa33.it\/?p=567"},"modified":"2015-09-02T13:31:27","modified_gmt":"2015-09-02T13:31:27","slug":"fiera-tartufo-moncalvo","status":"publish","type":"post","link":"https:\/\/www.cascinarosa33.it\/de\/eventi\/fiera-tartufo-moncalvo\/","title":{"rendered":"Fiera del tartufo di Moncalvo"},"content":{"rendered":"<p class=\"qtranxs-available-languages-message qtranxs-available-languages-message-de\">Leider ist der Eintrag nur auf <a href=\"https:\/\/www.cascinarosa33.it\/it\/wp-json\/wp\/v2\/posts\/567\" class=\"qtranxs-available-language-link qtranxs-available-language-link-it\" title=\"Italiano\">Italiano<\/a> und <a href=\"https:\/\/www.cascinarosa33.it\/en\/wp-json\/wp\/v2\/posts\/567\" class=\"qtranxs-available-language-link qtranxs-available-language-link-en\" title=\"English\">English<\/a> verf\u00fcgbar. Der Inhalt wird in der Standard-Sprache dieser Website angezeigt. Sie k\u00f6nnen einen Link anklicken, um zu einer anderen verf\u00fcgbaren Sprache zu wechseln.<\/p><p><div id=\"attachment_575\" style=\"width: 560px\" class=\"wp-caption alignright\"><img loading=\"lazy\" decoding=\"async\" aria-describedby=\"caption-attachment-575\" class=\"size-wcstandard wp-image-575\" src=\"http:\/\/www.cascinarosa33.it\/wp-content\/uploads\/2015\/08\/Fiera-del-Tartufo-Piemonte-MoncalvoOPT-550x366.jpg\" alt=\"Tartufi bianchi - Cascina rosa b&amp;b - Monferrato\" width=\"550\" height=\"366\" srcset=\"https:\/\/www.cascinarosa33.it\/wp-content\/uploads\/2015\/08\/Fiera-del-Tartufo-Piemonte-MoncalvoOPT-550x366.jpg 550w, https:\/\/www.cascinarosa33.it\/wp-content\/uploads\/2015\/08\/Fiera-del-Tartufo-Piemonte-MoncalvoOPT-300x200.jpg 300w, https:\/\/www.cascinarosa33.it\/wp-content\/uploads\/2015\/08\/Fiera-del-Tartufo-Piemonte-MoncalvoOPT-250x167.jpg 250w, https:\/\/www.cascinarosa33.it\/wp-content\/uploads\/2015\/08\/Fiera-del-Tartufo-Piemonte-MoncalvoOPT-270x180.jpg 270w, https:\/\/www.cascinarosa33.it\/wp-content\/uploads\/2015\/08\/Fiera-del-Tartufo-Piemonte-MoncalvoOPT-450x300.jpg 450w, https:\/\/www.cascinarosa33.it\/wp-content\/uploads\/2015\/08\/Fiera-del-Tartufo-Piemonte-MoncalvoOPT.jpg 680w\" sizes=\"auto, (max-width: 550px) 100vw, 550px\" \/><p id=\"caption-attachment-575\" class=\"wp-caption-text\">Tartufi bianchi di Moncalvo \u00a0&#8211; Monferrato<\/p><\/div><\/p>\n<h3>Fiore all\u2019occhiello della Citt\u00e0 Aleramica situata nella collina di fronte a Cascina rosa b&amp;b, gli appuntamenti sono le ultime due domeniche di ottobre nella piazza principale di Moncalvo con stand enogastronomici,\u00a0rassegne teatrali in dialetto, mostre d\u2019arte e molto altro.<\/h3>\n<p>Dopo una <strong>bella e lunga estate in Monferrato<\/strong> che spesso si prolunga fino alle prime settimane di ottobre, arriva<strong> l\u2019autunno<\/strong>, l\u2019occasione migliore per una visita a <strong>Cascina rosa b&amp;b<\/strong> per trascorrere qualche giorno di relax e gusto per la <strong>buona cucina<\/strong>, circondati dai vigneti di <strong>Barbera<\/strong> e <strong>Grignolino<\/strong> e scoprire i tanti <strong>eventi enogastronomici<\/strong> del territorio del Monferrato e delle Langhe.<\/p>\n<div id=\"attachment_576\" style=\"width: 1290px\" class=\"wp-caption aligncenter\"><img loading=\"lazy\" decoding=\"async\" aria-describedby=\"caption-attachment-576\" class=\"wp-image-576 size-full\" src=\"http:\/\/www.cascinarosa33.it\/wp-content\/uploads\/2015\/08\/h_tartufo2.jpg\" alt=\"Trifolao in azione - Fiera del tartufo di Moncalvo\" width=\"1280\" height=\"290\" srcset=\"https:\/\/www.cascinarosa33.it\/wp-content\/uploads\/2015\/08\/h_tartufo2.jpg 1280w, https:\/\/www.cascinarosa33.it\/wp-content\/uploads\/2015\/08\/h_tartufo2-300x68.jpg 300w, https:\/\/www.cascinarosa33.it\/wp-content\/uploads\/2015\/08\/h_tartufo2-1024x232.jpg 1024w, https:\/\/www.cascinarosa33.it\/wp-content\/uploads\/2015\/08\/h_tartufo2-250x57.jpg 250w, https:\/\/www.cascinarosa33.it\/wp-content\/uploads\/2015\/08\/h_tartufo2-550x125.jpg 550w, https:\/\/www.cascinarosa33.it\/wp-content\/uploads\/2015\/08\/h_tartufo2-800x181.jpg 800w, https:\/\/www.cascinarosa33.it\/wp-content\/uploads\/2015\/08\/h_tartufo2-794x180.jpg 794w\" sizes=\"auto, (max-width: 1280px) 100vw, 1280px\" \/><p id=\"caption-attachment-576\" class=\"wp-caption-text\">Trifolao in azione &#8211; Fiera del tartufo di Moncalvo<\/p><\/div>\n<div id=\"attachment_569\" style=\"width: 310px\" class=\"wp-caption alignleft\"><img loading=\"lazy\" decoding=\"async\" aria-describedby=\"caption-attachment-569\" class=\"size-medium wp-image-569\" src=\"http:\/\/www.cascinarosa33.it\/wp-content\/uploads\/2015\/08\/fiera_tartufo_2011-300x139.jpg\" alt=\"Fiera del Tartufo di Moncalvo - Monferrato\" width=\"300\" height=\"139\" srcset=\"https:\/\/www.cascinarosa33.it\/wp-content\/uploads\/2015\/08\/fiera_tartufo_2011-300x139.jpg 300w, https:\/\/www.cascinarosa33.it\/wp-content\/uploads\/2015\/08\/fiera_tartufo_2011-250x115.jpg 250w, https:\/\/www.cascinarosa33.it\/wp-content\/uploads\/2015\/08\/fiera_tartufo_2011-550x254.jpg 550w, https:\/\/www.cascinarosa33.it\/wp-content\/uploads\/2015\/08\/fiera_tartufo_2011-800x369.jpg 800w, https:\/\/www.cascinarosa33.it\/wp-content\/uploads\/2015\/08\/fiera_tartufo_2011-390x180.jpg 390w, https:\/\/www.cascinarosa33.it\/wp-content\/uploads\/2015\/08\/fiera_tartufo_2011-650x300.jpg 650w, https:\/\/www.cascinarosa33.it\/wp-content\/uploads\/2015\/08\/fiera_tartufo_2011.jpg 940w\" sizes=\"auto, (max-width: 300px) 100vw, 300px\" \/><p id=\"caption-attachment-569\" class=\"wp-caption-text\">Fiera del Tartufo di Moncalvo &#8211; Monferrato<\/p><\/div>\n<p>&nbsp;<\/p>\n<h3>Tra di essi sicuramente la <a href=\"http:\/\/www.fieradeltartufodimoncalvo.it\/\">Fiera del Tartufo di Moncalvo<\/a>, che si rif\u00e0 alla\u00a0storica tradizione della Fiera che risale al XIV secolo, quando <strong>il tartufo moncalvese era ambasciatore ufficiale delle terre monferrine presso tutte le corti europee<\/strong>.<\/h3>\n<p>&nbsp;<\/p>\n<div id=\"attachment_570\" style=\"width: 560px\" class=\"wp-caption alignright\"><img loading=\"lazy\" decoding=\"async\" aria-describedby=\"caption-attachment-570\" class=\"size-wcstandard wp-image-570\" src=\"http:\/\/www.cascinarosa33.it\/wp-content\/uploads\/2015\/08\/fiera_tartufo_20111-550x645.jpg\" alt=\"Il trifolao, cercatore di tartufi con il fido tabui\" width=\"550\" height=\"645\" srcset=\"https:\/\/www.cascinarosa33.it\/wp-content\/uploads\/2015\/08\/fiera_tartufo_20111-550x645.jpg 550w, https:\/\/www.cascinarosa33.it\/wp-content\/uploads\/2015\/08\/fiera_tartufo_20111-256x300.jpg 256w, https:\/\/www.cascinarosa33.it\/wp-content\/uploads\/2015\/08\/fiera_tartufo_20111-873x1024.jpg 873w, https:\/\/www.cascinarosa33.it\/wp-content\/uploads\/2015\/08\/fiera_tartufo_20111-250x293.jpg 250w, https:\/\/www.cascinarosa33.it\/wp-content\/uploads\/2015\/08\/fiera_tartufo_20111-800x938.jpg 800w, https:\/\/www.cascinarosa33.it\/wp-content\/uploads\/2015\/08\/fiera_tartufo_20111-153x180.jpg 153w, https:\/\/www.cascinarosa33.it\/wp-content\/uploads\/2015\/08\/fiera_tartufo_20111-426x500.jpg 426w, https:\/\/www.cascinarosa33.it\/wp-content\/uploads\/2015\/08\/fiera_tartufo_20111.jpg 936w\" sizes=\"auto, (max-width: 550px) 100vw, 550px\" \/><p id=\"caption-attachment-570\" class=\"wp-caption-text\">Il trifolao, cercatore di tartufi con il fido tabui<\/p><\/div>\n<p>La Fiera ebbe inizio, come idea, a Moncalvo quando, all\u2019inizio dell\u2019ultimo secolo del millennio, il proprietario di una locanda dove s\u2019incontravano i <strong>trifulau<\/strong> il gioved\u00ec di ogni settimana per il mercato, essendo un estimatore e finissimo intenditore di tartufi, organizz\u00f2 di fatto la prima mostra concorso. Scegliendo una giuria tra i \u201ctrifulau\u201d stessi, faceva esaminare gli esemplari, custoditi nei tradizionali fazzoletti di cotone a quadroni blu, poi premiava i pi\u00f9 belli singolarmente, ed il gruppo pi\u00f9 abbondante.<\/p>\n<p>La <strong>Fiera del Tartufo Moncalvo<\/strong> oggi \u00e8 \u00a0(insieme a quella del<a href=\"http:\/\/www.cascinarosa33.it\/eventi\/fiera-del-bue-grasso-moncalvo-sagra-bollito-misto\/\"> Bue Grasso<\/a>) una realt\u00e0 con radici salde \u2026 e durante la kermesse si radunano gli indispensabili protagonisti della festa: i <strong>trifolao, i cercatori di trifole, che con berretto o cappellaccio, zappetto e bastone, stivali infangati e lanternino<\/strong>, hanno percorso i loro misteriosi sentieri tra querce, noccioli, pioppi e tigli alla ricerca dei profumatissimi tuberi. Immancabilmente accompagnati dal <strong>tabui, il fedele segugio<\/strong>.<\/p>\n<p>Va ricordato inoltre che anche se la Fiera del Tartufo di Moncalvo si svolge solamente in due domeniche , essa segna l\u2019<strong>avvio della stagione del prezioso tubero<\/strong> e se si \u00e8 interessati a gustarlo durante un soggiorno a Cascina rosa b&amp;b non esitate a segnalarlo durante la prenotazione!<\/p>\n<p>Saremo lieti di consigliarvi i migliori ristoranti della zona ove poter soddisfare i vostri palati con i piatti di <strong>carne cruda di Fassone Piemontese<\/strong> o i famosi <strong>tajarin<\/strong> abbinati al raffinato gusto delle <strong>trifole monferrine<\/strong>, frutto delle nostre colline.<\/p> ","protected":false},"excerpt":{"rendered":"<p>Leider ist der Eintrag nur auf Italiano und English verf\u00fcgbar. Der Inhalt wird in der Standard-Sprache dieser Website angezeigt. Sie k\u00f6nnen einen Link anklicken, um zu einer anderen verf\u00fcgbaren Sprache zu wechseln. Fiore all\u2019occhiello della Citt\u00e0 Aleramica situata nella collina di fronte a Cascina rosa b&amp;b, gli appuntamenti sono le ultime due domeniche di ottobre [&hellip;]<\/p>\n","protected":false},"author":1,"featured_media":0,"comment_status":"open","ping_status":"open","sticky":false,"template":"","format":"standard","meta":{"_genesis_hide_title":false,"_genesis_hide_breadcrumbs":false,"_genesis_hide_singular_image":false,"_genesis_hide_footer_widgets":false,"_genesis_custom_body_class":"","_genesis_custom_post_class":"","_genesis_layout":"","footnotes":""},"categories":[23],"tags":[47,66,67,44,15,64,65],"class_list":{"0":"post-567","1":"post","2":"type-post","3":"status-publish","4":"format-standard","6":"category-eventi","7":"tag-degustazione-di-vini","8":"tag-enogastronomia","9":"tag-fassone-piemontese","10":"tag-moncalvo","11":"tag-monferrato","12":"tag-tartufo-bianco-di-moncalvo","13":"tag-truffle","14":"entry","15":"has-post-thumbnail","16":"gs-1","17":"gs-odd","18":"gs-even","19":"gs-featured-content-entry"},"yoast_head":"<!-- This site is optimized with the Yoast SEO plugin v24.6 - https:\/\/yoast.com\/wordpress\/plugins\/seo\/ -->\n<title>Fiera del tartufo di Moncalvo \u2022 Cascina rosa b&amp;b<\/title>\n<meta name=\"description\" content=\"La fiera del tartufo bianco di Moncalvo \u00e8 il fiore all\u2019occhiello della Citt\u00e0 Aleramica sulla collina di fronte a Cascina rosa b&amp;b e inaugura la stagione\" \/>\n<meta name=\"robots\" content=\"index, follow, max-snippet:-1, max-image-preview:large, max-video-preview:-1\" \/>\n<link rel=\"canonical\" href=\"https:\/\/www.cascinarosa33.it\/eventi\/fiera-tartufo-moncalvo\/\" \/>\n<meta property=\"og:locale\" content=\"de_DE\" \/>\n<meta property=\"og:type\" content=\"article\" \/>\n<meta property=\"og:title\" content=\"Fiera del tartufo di Moncalvo \u2022 Cascina rosa b&amp;b\" \/>\n<meta property=\"og:description\" content=\"La fiera del tartufo bianco di Moncalvo \u00e8 il fiore all\u2019occhiello della Citt\u00e0 Aleramica sulla collina di fronte a Cascina rosa b&amp;b e inaugura la stagione\" \/>\n<meta property=\"og:url\" content=\"https:\/\/www.cascinarosa33.it\/eventi\/fiera-tartufo-moncalvo\/\" \/>\n<meta property=\"og:site_name\" content=\"Cascina rosa b&amp;b\" \/>\n<meta property=\"article:published_time\" content=\"2015-08-31T17:52:23+00:00\" \/>\n<meta property=\"article:modified_time\" content=\"2015-09-02T13:31:27+00:00\" \/>\n<meta property=\"og:image\" content=\"http:\/\/www.cascinarosa33.it\/wp-content\/uploads\/2015\/08\/Fiera-del-Tartufo-Piemonte-MoncalvoOPT-550x366.jpg\" \/>\n<meta name=\"author\" content=\"admin\" \/>\n<meta name=\"twitter:card\" content=\"summary_large_image\" \/>\n<meta name=\"twitter:label1\" content=\"Verfasst von\" \/>\n\t<meta name=\"twitter:data1\" content=\"admin\" \/>\n\t<meta name=\"twitter:label2\" content=\"Gesch\u00e4tzte Lesezeit\" \/>\n\t<meta name=\"twitter:data2\" content=\"5\u00a0Minuten\" \/>\n<script type=\"application\/ld+json\" class=\"yoast-schema-graph\">{\"@context\":\"https:\/\/schema.org\",\"@graph\":[{\"@type\":\"WebPage\",\"@id\":\"https:\/\/www.cascinarosa33.it\/eventi\/fiera-tartufo-moncalvo\/\",\"url\":\"https:\/\/www.cascinarosa33.it\/eventi\/fiera-tartufo-moncalvo\/\",\"name\":\"Fiera del tartufo di Moncalvo \u2022 Cascina rosa b&b\",\"isPartOf\":{\"@id\":\"https:\/\/www.cascinarosa33.it\/#website\"},\"primaryImageOfPage\":{\"@id\":\"https:\/\/www.cascinarosa33.it\/eventi\/fiera-tartufo-moncalvo\/#primaryimage\"},\"image\":{\"@id\":\"https:\/\/www.cascinarosa33.it\/eventi\/fiera-tartufo-moncalvo\/#primaryimage\"},\"thumbnailUrl\":\"http:\/\/www.cascinarosa33.it\/wp-content\/uploads\/2015\/08\/Fiera-del-Tartufo-Piemonte-MoncalvoOPT-550x366.jpg\",\"datePublished\":\"2015-08-31T17:52:23+00:00\",\"dateModified\":\"2015-09-02T13:31:27+00:00\",\"author\":{\"@id\":\"https:\/\/www.cascinarosa33.it\/#\/schema\/person\/5162e113d48542a9913e23f4303cfa26\"},\"description\":\"La fiera del tartufo bianco di Moncalvo \u00e8 il fiore all\u2019occhiello della Citt\u00e0 Aleramica sulla collina di fronte a Cascina rosa b&b e inaugura la stagione\",\"breadcrumb\":{\"@id\":\"https:\/\/www.cascinarosa33.it\/eventi\/fiera-tartufo-moncalvo\/#breadcrumb\"},\"inLanguage\":\"de\",\"potentialAction\":[{\"@type\":\"ReadAction\",\"target\":[\"https:\/\/www.cascinarosa33.it\/eventi\/fiera-tartufo-moncalvo\/\"]}]},{\"@type\":\"ImageObject\",\"inLanguage\":\"de\",\"@id\":\"https:\/\/www.cascinarosa33.it\/eventi\/fiera-tartufo-moncalvo\/#primaryimage\",\"url\":\"http:\/\/www.cascinarosa33.it\/wp-content\/uploads\/2015\/08\/Fiera-del-Tartufo-Piemonte-MoncalvoOPT-550x366.jpg\",\"contentUrl\":\"http:\/\/www.cascinarosa33.it\/wp-content\/uploads\/2015\/08\/Fiera-del-Tartufo-Piemonte-MoncalvoOPT-550x366.jpg\"},{\"@type\":\"BreadcrumbList\",\"@id\":\"https:\/\/www.cascinarosa33.it\/eventi\/fiera-tartufo-moncalvo\/#breadcrumb\",\"itemListElement\":[{\"@type\":\"ListItem\",\"position\":1,\"name\":\"Home\",\"item\":\"https:\/\/www.cascinarosa33.it\/\"},{\"@type\":\"ListItem\",\"position\":2,\"name\":\"Fiera del tartufo di Moncalvo\"}]},{\"@type\":\"WebSite\",\"@id\":\"https:\/\/www.cascinarosa33.it\/#website\",\"url\":\"https:\/\/www.cascinarosa33.it\/\",\"name\":\"Cascina rosa b&amp;b\",\"description\":\"\",\"potentialAction\":[{\"@type\":\"SearchAction\",\"target\":{\"@type\":\"EntryPoint\",\"urlTemplate\":\"https:\/\/www.cascinarosa33.it\/?s={search_term_string}\"},\"query-input\":{\"@type\":\"PropertyValueSpecification\",\"valueRequired\":true,\"valueName\":\"search_term_string\"}}],\"inLanguage\":\"de\"},{\"@type\":\"Person\",\"@id\":\"https:\/\/www.cascinarosa33.it\/#\/schema\/person\/5162e113d48542a9913e23f4303cfa26\",\"name\":\"admin\",\"image\":{\"@type\":\"ImageObject\",\"inLanguage\":\"de\",\"@id\":\"https:\/\/www.cascinarosa33.it\/#\/schema\/person\/image\/\",\"url\":\"https:\/\/secure.gravatar.com\/avatar\/cef482c619b088e6fe2c84c688ab4b52?s=96&d=mm&r=g\",\"contentUrl\":\"https:\/\/secure.gravatar.com\/avatar\/cef482c619b088e6fe2c84c688ab4b52?s=96&d=mm&r=g\",\"caption\":\"admin\"},\"url\":\"https:\/\/www.cascinarosa33.it\/de\/author\/admin\/\"}]}<\/script>\n<!-- \/ Yoast SEO plugin. -->","yoast_head_json":{"title":"Fiera del tartufo di Moncalvo \u2022 Cascina rosa b&b","description":"La fiera del tartufo bianco di Moncalvo \u00e8 il fiore all\u2019occhiello della Citt\u00e0 Aleramica sulla collina di fronte a Cascina rosa b&b e inaugura la stagione","robots":{"index":"index","follow":"follow","max-snippet":"max-snippet:-1","max-image-preview":"max-image-preview:large","max-video-preview":"max-video-preview:-1"},"canonical":"https:\/\/www.cascinarosa33.it\/eventi\/fiera-tartufo-moncalvo\/","og_locale":"de_DE","og_type":"article","og_title":"Fiera del tartufo di Moncalvo \u2022 Cascina rosa b&b","og_description":"La fiera del tartufo bianco di Moncalvo \u00e8 il fiore all\u2019occhiello della Citt\u00e0 Aleramica sulla collina di fronte a Cascina rosa b&b e inaugura la stagione","og_url":"https:\/\/www.cascinarosa33.it\/eventi\/fiera-tartufo-moncalvo\/","og_site_name":"Cascina rosa b&amp;b","article_published_time":"2015-08-31T17:52:23+00:00","article_modified_time":"2015-09-02T13:31:27+00:00","og_image":[{"url":"http:\/\/www.cascinarosa33.it\/wp-content\/uploads\/2015\/08\/Fiera-del-Tartufo-Piemonte-MoncalvoOPT-550x366.jpg","type":"","width":"","height":""}],"author":"admin","twitter_card":"summary_large_image","twitter_misc":{"Verfasst von":"admin","Gesch\u00e4tzte Lesezeit":"5\u00a0Minuten"},"schema":{"@context":"https:\/\/schema.org","@graph":[{"@type":"WebPage","@id":"https:\/\/www.cascinarosa33.it\/eventi\/fiera-tartufo-moncalvo\/","url":"https:\/\/www.cascinarosa33.it\/eventi\/fiera-tartufo-moncalvo\/","name":"Fiera del tartufo di Moncalvo \u2022 Cascina rosa b&b","isPartOf":{"@id":"https:\/\/www.cascinarosa33.it\/#website"},"primaryImageOfPage":{"@id":"https:\/\/www.cascinarosa33.it\/eventi\/fiera-tartufo-moncalvo\/#primaryimage"},"image":{"@id":"https:\/\/www.cascinarosa33.it\/eventi\/fiera-tartufo-moncalvo\/#primaryimage"},"thumbnailUrl":"http:\/\/www.cascinarosa33.it\/wp-content\/uploads\/2015\/08\/Fiera-del-Tartufo-Piemonte-MoncalvoOPT-550x366.jpg","datePublished":"2015-08-31T17:52:23+00:00","dateModified":"2015-09-02T13:31:27+00:00","author":{"@id":"https:\/\/www.cascinarosa33.it\/#\/schema\/person\/5162e113d48542a9913e23f4303cfa26"},"description":"La fiera del tartufo bianco di Moncalvo \u00e8 il fiore all\u2019occhiello della Citt\u00e0 Aleramica sulla collina di fronte a Cascina rosa b&b e inaugura la stagione","breadcrumb":{"@id":"https:\/\/www.cascinarosa33.it\/eventi\/fiera-tartufo-moncalvo\/#breadcrumb"},"inLanguage":"de","potentialAction":[{"@type":"ReadAction","target":["https:\/\/www.cascinarosa33.it\/eventi\/fiera-tartufo-moncalvo\/"]}]},{"@type":"ImageObject","inLanguage":"de","@id":"https:\/\/www.cascinarosa33.it\/eventi\/fiera-tartufo-moncalvo\/#primaryimage","url":"http:\/\/www.cascinarosa33.it\/wp-content\/uploads\/2015\/08\/Fiera-del-Tartufo-Piemonte-MoncalvoOPT-550x366.jpg","contentUrl":"http:\/\/www.cascinarosa33.it\/wp-content\/uploads\/2015\/08\/Fiera-del-Tartufo-Piemonte-MoncalvoOPT-550x366.jpg"},{"@type":"BreadcrumbList","@id":"https:\/\/www.cascinarosa33.it\/eventi\/fiera-tartufo-moncalvo\/#breadcrumb","itemListElement":[{"@type":"ListItem","position":1,"name":"Home","item":"https:\/\/www.cascinarosa33.it\/"},{"@type":"ListItem","position":2,"name":"Fiera del tartufo di Moncalvo"}]},{"@type":"WebSite","@id":"https:\/\/www.cascinarosa33.it\/#website","url":"https:\/\/www.cascinarosa33.it\/","name":"Cascina rosa b&amp;b","description":"","potentialAction":[{"@type":"SearchAction","target":{"@type":"EntryPoint","urlTemplate":"https:\/\/www.cascinarosa33.it\/?s={search_term_string}"},"query-input":{"@type":"PropertyValueSpecification","valueRequired":true,"valueName":"search_term_string"}}],"inLanguage":"de"},{"@type":"Person","@id":"https:\/\/www.cascinarosa33.it\/#\/schema\/person\/5162e113d48542a9913e23f4303cfa26","name":"admin","image":{"@type":"ImageObject","inLanguage":"de","@id":"https:\/\/www.cascinarosa33.it\/#\/schema\/person\/image\/","url":"https:\/\/secure.gravatar.com\/avatar\/cef482c619b088e6fe2c84c688ab4b52?s=96&d=mm&r=g","contentUrl":"https:\/\/secure.gravatar.com\/avatar\/cef482c619b088e6fe2c84c688ab4b52?s=96&d=mm&r=g","caption":"admin"},"url":"https:\/\/www.cascinarosa33.it\/de\/author\/admin\/"}]}},"_links":{"self":[{"href":"https:\/\/www.cascinarosa33.it\/de\/wp-json\/wp\/v2\/posts\/567","targetHints":{"allow":["GET"]}}],"collection":[{"href":"https:\/\/www.cascinarosa33.it\/de\/wp-json\/wp\/v2\/posts"}],"about":[{"href":"https:\/\/www.cascinarosa33.it\/de\/wp-json\/wp\/v2\/types\/post"}],"author":[{"embeddable":true,"href":"https:\/\/www.cascinarosa33.it\/de\/wp-json\/wp\/v2\/users\/1"}],"replies":[{"embeddable":true,"href":"https:\/\/www.cascinarosa33.it\/de\/wp-json\/wp\/v2\/comments?post=567"}],"version-history":[{"count":15,"href":"https:\/\/www.cascinarosa33.it\/de\/wp-json\/wp\/v2\/posts\/567\/revisions"}],"predecessor-version":[{"id":599,"href":"https:\/\/www.cascinarosa33.it\/de\/wp-json\/wp\/v2\/posts\/567\/revisions\/599"}],"wp:attachment":[{"href":"https:\/\/www.cascinarosa33.it\/de\/wp-json\/wp\/v2\/media?parent=567"}],"wp:term":[{"taxonomy":"category","embeddable":true,"href":"https:\/\/www.cascinarosa33.it\/de\/wp-json\/wp\/v2\/categories?post=567"},{"taxonomy":"post_tag","embeddable":true,"href":"https:\/\/www.cascinarosa33.it\/de\/wp-json\/wp\/v2\/tags?post=567"}],"curies":[{"name":"wp","href":"https:\/\/api.w.org\/{rel}","templated":true}]}}